{"id":117,"date":"2012-09-02T10:55:25","date_gmt":"2012-09-02T09:55:25","guid":{"rendered":"http:\/\/localhost:8888\/tetedemule\/?p=117"},"modified":"2016-08-25T12:44:31","modified_gmt":"2016-08-25T10:44:31","slug":"treize-spectacles-disponibles-des-le-mois-de-septembre-2012","status":"publish","type":"post","link":"https:\/\/www.la-tete-de-mule.fr\/?p=117","title":{"rendered":"Seize spectacles disponibles depuis le mois d&rsquo;ao\u00fbt 2016 !"},"content":{"rendered":"<p style=\"text-align: justify;\"><a href=\"http:\/\/www.la-tete-de-mule.fr\/wp-content\/uploads\/2012\/09\/photo02.jpg\"><img loading=\"lazy\" decoding=\"async\" class=\"alignleft size-full wp-image-118\" title=\"photo0\" src=\"http:\/\/www.la-tete-de-mule.fr\/wp-content\/uploads\/2012\/09\/photo02.jpg\" alt=\"\" width=\"115\" height=\"116\" \/><\/a><a href=\"http:\/\/www.la-tete-de-mule.fr\/wp-content\/uploads\/2012\/09\/07-f\u00e9vrier-2014-328.jpg\"><img loading=\"lazy\" decoding=\"async\" class=\"alignnone size-medium wp-image-1507\" src=\"http:\/\/www.la-tete-de-mule.fr\/wp-content\/uploads\/2012\/09\/07-f\u00e9vrier-2014-328-300x224.jpg\" alt=\"07 f\u00e9vrier 2014 328\" width=\"300\" height=\"224\" srcset=\"https:\/\/www.la-tete-de-mule.fr\/wp-content\/uploads\/2012\/09\/07-f\u00e9vrier-2014-328-300x224.jpg 300w, https:\/\/www.la-tete-de-mule.fr\/wp-content\/uploads\/2012\/09\/07-f\u00e9vrier-2014-328-1024x764.jpg 1024w, https:\/\/www.la-tete-de-mule.fr\/wp-content\/uploads\/2012\/09\/07-f\u00e9vrier-2014-328-600x448.jpg 600w\" sizes=\"auto, (max-width: 300px) 100vw, 300px\" \/><\/a><\/p>\n<p style=\"text-align: justify;\">Vous pouvez les d\u00e9couvrir en d\u00e9tail, simplement en cliquant sur les rubriques \u00ab\u00a0Jeune Public\u00a0\u00bb et \u00ab\u00a0Tout Public\u00a0\u00bb.<br \/>\n\u00c0 bient\u00f4t dans votre salle&#8230;<\/p>\n<p style=\"text-align: justify;\">Nouveau projet d&rsquo;importance pour juillet 2013 \u00e0 Dijon (du 12 au 19), durant lequel nous\u00a0avons donn\u00e9 \u00ab\u00a0De mal en pie\u00a0\u00bb, le 34\u00e8me spectacle\u00a0cr\u00e9\u00e9 par\u00a0la compagnie !<\/p>\n<p style=\"text-align: justify;\">Ce fut un beau succ\u00e8s et nous ne cessons de le jouer depuis \u00e0 travers la France !<\/p>\n<p style=\"text-align: justify;\">Un CD contenant les douze chansons de cette com\u00e9die musicale foisonnante est disponible \u00e0 la vente depuis le 27 novembre. Vous pouvez bien \u00e9videmment le commander sur notre site (au prix de vente rikiki\u00a0de 10 \u20ac, port offert !) ou au 0613513887.<\/p>\n<p style=\"text-align: justify;\">Nouveau projet d&rsquo;envergure, notre 35\u00e8me\u00a0: \u00ab\u00a0Mais n&rsquo;te prom\u00e8ne donc pas toute nue\u00a0\u00bb et \u00ab\u00a0Feu la m\u00e8re de madame\u00a0\u00bb, deux pi\u00e8ces courtes parmi les plus c\u00e9l\u00e8bres de Feydeau ont triomph\u00e9 en juillet 2014. Elles sont \u00e0 la disposition des acheteurs d\u00e8s le mois d&rsquo;octobre. Qu&rsquo;on se le dise !<\/p>\n<p style=\"text-align: justify;\">\n","protected":false},"excerpt":{"rendered":"<p>Vous pouvez les d\u00e9couvrir en d\u00e9tail, simplement en cliquant sur les rubriques \u00ab\u00a0Jeune Public\u00a0\u00bb et \u00ab\u00a0Tout Public\u00a0\u00bb. \u00c0 bient\u00f4t dans votre salle&#8230; Nouveau projet d&rsquo;importance pour juillet 2013 \u00e0 Dijon (du 12 au 19), durant lequel nous\u00a0avons donn\u00e9 \u00ab\u00a0De mal en pie\u00a0\u00bb, le 34\u00e8me spectacle\u00a0cr\u00e9\u00e9 par\u00a0la compagnie ! Ce fut un beau succ\u00e8s et nous ne cessons de le jouer depuis \u00e0 travers la France ! Un CD contenant les douze chansons de cette com\u00e9die musicale foisonnante est disponible \u00e0&#8230;<\/p>\n<p class=\"read-more\"><a class=\"btn btn-default\" href=\"https:\/\/www.la-tete-de-mule.fr\/?p=117\">Lire la suite<span class=\"screen-reader-text\"> Lire la suite<\/span><\/a><\/p>\n","protected":false},"author":5,"featured_media":0,"comment_status":"closed","ping_status":"open","sticky":false,"template":"","format":"standard","meta":{"footnotes":""},"categories":[4,1],"tags":[],"class_list":["post-117","post","type-post","status-publish","format-standard","hentry","category-archives","category-non-classe"],"_links":{"self":[{"href":"https:\/\/www.la-tete-de-mule.fr\/index.php?rest_route=\/wp\/v2\/posts\/117","targetHints":{"allow":["GET"]}}],"collection":[{"href":"https:\/\/www.la-tete-de-mule.fr\/index.php?rest_route=\/wp\/v2\/posts"}],"about":[{"href":"https:\/\/www.la-tete-de-mule.fr\/index.php?rest_route=\/wp\/v2\/types\/post"}],"author":[{"embeddable":true,"href":"https:\/\/www.la-tete-de-mule.fr\/index.php?rest_route=\/wp\/v2\/users\/5"}],"replies":[{"embeddable":true,"href":"https:\/\/www.la-tete-de-mule.fr\/index.php?rest_route=%2Fwp%2Fv2%2Fcomments&post=117"}],"version-history":[{"count":24,"href":"https:\/\/www.la-tete-de-mule.fr\/index.php?rest_route=\/wp\/v2\/posts\/117\/revisions"}],"predecessor-version":[{"id":2109,"href":"https:\/\/www.la-tete-de-mule.fr\/index.php?rest_route=\/wp\/v2\/posts\/117\/revisions\/2109"}],"wp:attachment":[{"href":"https:\/\/www.la-tete-de-mule.fr\/index.php?rest_route=%2Fwp%2Fv2%2Fmedia&parent=117"}],"wp:term":[{"taxonomy":"category","embeddable":true,"href":"https:\/\/www.la-tete-de-mule.fr\/index.php?rest_route=%2Fwp%2Fv2%2Fcategories&post=117"},{"taxonomy":"post_tag","embeddable":true,"href":"https:\/\/www.la-tete-de-mule.fr\/index.php?rest_route=%2Fwp%2Fv2%2Ftags&post=117"}],"curies":[{"name":"wp","href":"https:\/\/api.w.org\/{rel}","templated":true}]}}