{"id":2871,"date":"2021-10-10T11:20:32","date_gmt":"2021-10-10T09:20:32","guid":{"rendered":"http:\/\/www.la-tete-de-mule.fr\/?p=2871"},"modified":"2021-11-15T22:02:00","modified_gmt":"2021-11-15T21:02:00","slug":"fluctuat-nec-mergitur","status":"publish","type":"post","link":"https:\/\/www.la-tete-de-mule.fr\/?p=2871","title":{"rendered":"Fluctuat nec mergitur ! *"},"content":{"rendered":"\n<p>Malgr\u00e9 les nombreux coups de tabac subis depuis deux ans, nous avons toujours refus\u00e9 de l\u00e2cher la barre, bien d\u00e9cid\u00e9s \u00e0 voguer en direction du petit coin de ciel bleu derri\u00e8re l&rsquo;horizon bouch\u00e9 de vagues mena\u00e7antes&#8230;<\/p>\n\n\n\n<p>Gr\u00e2ce \u00e0 l&rsquo;aide irrempla\u00e7able de la Ville de Dijon, La Fontaine Du Rire r\u00e9ussit \u00e0 franchir un nouveau cap des temp\u00eates. Nous sommes donc tr\u00e8s heureux de souquer ferme et vous pr\u00e9senter sans tarder la 34\u00e8me \u00e9dition de notre bon vieux festival, riche comme d&rsquo;habitude de formidables spectacles VIVANTS !<\/p>\n\n\n\n<p>\u00ab\u00a0La mort enl\u00e8ve tout s\u00e9rieux \u00e0 la vie\u00a0\u00bb \u00e9crivit Paul Val\u00e9ry. Alors venez vous gondoler dans ce merveilleux th\u00e9\u00e2tre de Fontaine d&rsquo;Ouche, tant que le temps nous est donn\u00e9. <\/p>\n\n\n\n<p>Dans l&rsquo;espoir que vous aurez envie d&#8217;embarquer dans une nouvelle travers\u00e9e, explosant nos coquilles de bigorneaux pour retrouver enfin le contact fait de fraternit\u00e9 et d&rsquo;\u00e9changes, tout l&rsquo;\u00e9quipage vous embrasse.<\/p>\n\n\n\n<p class=\"has-text-align-center\">                                                                Jean-Jacques-03 octobre 2021<\/p>\n\n\n\n<p>*Alors que Dijon est la ville de France m\u00e9tropolitaine la plus \u00e9loign\u00e9e de toute mer, nous voulions filer la m\u00e9taphore marine afin de vous ramener en grand nombre dans l&rsquo;\u00e9puisette de la bonne humeur.<\/p>\n\n\n\n<p>550 repr\u00e9sentations et 130 002 spectateurs en 33 ans&#8230;<\/p>\n\n\n\n<figure class=\"wp-block-image size-large\"><a href=\"http:\/\/www.la-tete-de-mule.fr\/wp-content\/uploads\/2021\/11\/BAT-HD_0.png\"><img loading=\"lazy\" decoding=\"async\" width=\"586\" height=\"1024\" src=\"http:\/\/www.la-tete-de-mule.fr\/wp-content\/uploads\/2021\/11\/BAT-HD_0-586x1024.png\" alt=\"\" class=\"wp-image-3052\" srcset=\"https:\/\/www.la-tete-de-mule.fr\/wp-content\/uploads\/2021\/11\/BAT-HD_0-586x1024.png 586w, https:\/\/www.la-tete-de-mule.fr\/wp-content\/uploads\/2021\/11\/BAT-HD_0-172x300.png 172w, https:\/\/www.la-tete-de-mule.fr\/wp-content\/uploads\/2021\/11\/BAT-HD_0-154x270.png 154w, https:\/\/www.la-tete-de-mule.fr\/wp-content\/uploads\/2021\/11\/BAT-HD_0.png 591w\" sizes=\"auto, (max-width: 586px) 100vw, 586px\" \/><\/a><\/figure>\n\n\n\n<p>Du 07 janvier au 16 avril 2022 !<\/p>\n","protected":false},"excerpt":{"rendered":"<p>Malgr\u00e9 les nombreux coups de tabac subis depuis deux ans, nous avons toujours refus\u00e9 de l\u00e2cher la barre, bien d\u00e9cid\u00e9s \u00e0 voguer en direction du petit coin de ciel bleu derri\u00e8re l&rsquo;horizon bouch\u00e9 de vagues mena\u00e7antes&#8230; Gr\u00e2ce \u00e0 l&rsquo;aide irrempla\u00e7able de la Ville de Dijon, La Fontaine Du Rire r\u00e9ussit \u00e0 franchir un nouveau cap des temp\u00eates. Nous sommes donc tr\u00e8s heureux de souquer ferme et vous pr\u00e9senter sans tarder la 34\u00e8me \u00e9dition de notre bon vieux festival, riche comme&#8230;<\/p>\n<p class=\"read-more\"><a class=\"btn btn-default\" href=\"https:\/\/www.la-tete-de-mule.fr\/?p=2871\">Lire la suite<span class=\"screen-reader-text\"> Lire la suite<\/span><\/a><\/p>\n","protected":false},"author":5,"featured_media":0,"comment_status":"open","ping_status":"open","sticky":false,"template":"","format":"standard","meta":{"footnotes":""},"categories":[1],"tags":[],"class_list":["post-2871","post","type-post","status-publish","format-standard","hentry","category-non-classe"],"_links":{"self":[{"href":"https:\/\/www.la-tete-de-mule.fr\/index.php?rest_route=\/wp\/v2\/posts\/2871","targetHints":{"allow":["GET"]}}],"collection":[{"href":"https:\/\/www.la-tete-de-mule.fr\/index.php?rest_route=\/wp\/v2\/posts"}],"about":[{"href":"https:\/\/www.la-tete-de-mule.fr\/index.php?rest_route=\/wp\/v2\/types\/post"}],"author":[{"embeddable":true,"href":"https:\/\/www.la-tete-de-mule.fr\/index.php?rest_route=\/wp\/v2\/users\/5"}],"replies":[{"embeddable":true,"href":"https:\/\/www.la-tete-de-mule.fr\/index.php?rest_route=%2Fwp%2Fv2%2Fcomments&post=2871"}],"version-history":[{"count":3,"href":"https:\/\/www.la-tete-de-mule.fr\/index.php?rest_route=\/wp\/v2\/posts\/2871\/revisions"}],"predecessor-version":[{"id":3112,"href":"https:\/\/www.la-tete-de-mule.fr\/index.php?rest_route=\/wp\/v2\/posts\/2871\/revisions\/3112"}],"wp:attachment":[{"href":"https:\/\/www.la-tete-de-mule.fr\/index.php?rest_route=%2Fwp%2Fv2%2Fmedia&parent=2871"}],"wp:term":[{"taxonomy":"category","embeddable":true,"href":"https:\/\/www.la-tete-de-mule.fr\/index.php?rest_route=%2Fwp%2Fv2%2Fcategories&post=2871"},{"taxonomy":"post_tag","embeddable":true,"href":"https:\/\/www.la-tete-de-mule.fr\/index.php?rest_route=%2Fwp%2Fv2%2Ftags&post=2871"}],"curies":[{"name":"wp","href":"https:\/\/api.w.org\/{rel}","templated":true}]}}