{"id":3168,"date":"2022-01-29T22:52:39","date_gmt":"2022-01-29T21:52:39","guid":{"rendered":"http:\/\/www.la-tete-de-mule.fr\/?p=3168"},"modified":"2022-02-17T16:11:28","modified_gmt":"2022-02-17T15:11:28","slug":"laventura","status":"publish","type":"post","link":"https:\/\/www.la-tete-de-mule.fr\/?p=3168","title":{"rendered":"L&rsquo;aventura !!!"},"content":{"rendered":"<p>Quand Lou Volt (star du Grand Orchestre du Splendid) et Eric Toulis (cr\u00e9ateur du groupe Les Escrocs et chroniqueur musical sur Rire et Chansons) allient leurs multiples talents, \u00e7a fait vraiment des \u00e9tincelles, croyez-nous !<\/p><figure class=\"wp-block-image\"><img decoding=\"async\" src=\"https:\/\/scontent-frt3-1.xx.fbcdn.net\/v\/t39.30808-6\/272696957_10160386195960450_5946347319362771660_n.jpg?_nc_cat=107&amp;ccb=1-5&amp;_nc_sid=8bfeb9&amp;_nc_ohc=QC59DQbX5KcAX-TjP1V&amp;_nc_ht=scontent-frt3-1.xx&amp;oh=00_AT8H6YYdOAt83_OEavgFCTLLBEewk-2KJy_deb-3soc4xg&amp;oe=620E7563\" alt=\"Peut \u00eatre une image de 2 personnes et texte qui dit \u2019l'Aventura DUO HUMORISTICO\/MUSICAL Avec Lou Volt Eric oulis LA TETE DE MULE Pr\u00e9sente LA FONTAINE DU RIRE 2022 5 f\u00e9vrier 20h Th\u00e9\u00e2tre de Fontaine d'Ouche- DIJON R\u00e9servations T\u00e9l. 03 80 50 03 06 135138\u2019\"\/><\/figure>","protected":false},"excerpt":{"rendered":"<p>Quand Lou Volt (star du Grand Orchestre du Splendid) et Eric Toulis (cr\u00e9ateur du groupe Les Escrocs et chroniqueur musical sur Rire et Chansons) allient leurs multiples talents, \u00e7a fait vraiment des \u00e9tincelles, croyez-nous !<\/p>\n","protected":false},"author":5,"featured_media":0,"comment_status":"open","ping_status":"open","sticky":false,"template":"","format":"standard","meta":{"footnotes":""},"categories":[1],"tags":[],"class_list":["post-3168","post","type-post","status-publish","format-standard","hentry","category-non-classe"],"_links":{"self":[{"href":"https:\/\/www.la-tete-de-mule.fr\/index.php?rest_route=\/wp\/v2\/posts\/3168","targetHints":{"allow":["GET"]}}],"collection":[{"href":"https:\/\/www.la-tete-de-mule.fr\/index.php?rest_route=\/wp\/v2\/posts"}],"about":[{"href":"https:\/\/www.la-tete-de-mule.fr\/index.php?rest_route=\/wp\/v2\/types\/post"}],"author":[{"embeddable":true,"href":"https:\/\/www.la-tete-de-mule.fr\/index.php?rest_route=\/wp\/v2\/users\/5"}],"replies":[{"embeddable":true,"href":"https:\/\/www.la-tete-de-mule.fr\/index.php?rest_route=%2Fwp%2Fv2%2Fcomments&post=3168"}],"version-history":[{"count":3,"href":"https:\/\/www.la-tete-de-mule.fr\/index.php?rest_route=\/wp\/v2\/posts\/3168\/revisions"}],"predecessor-version":[{"id":3196,"href":"https:\/\/www.la-tete-de-mule.fr\/index.php?rest_route=\/wp\/v2\/posts\/3168\/revisions\/3196"}],"wp:attachment":[{"href":"https:\/\/www.la-tete-de-mule.fr\/index.php?rest_route=%2Fwp%2Fv2%2Fmedia&parent=3168"}],"wp:term":[{"taxonomy":"category","embeddable":true,"href":"https:\/\/www.la-tete-de-mule.fr\/index.php?rest_route=%2Fwp%2Fv2%2Fcategories&post=3168"},{"taxonomy":"post_tag","embeddable":true,"href":"https:\/\/www.la-tete-de-mule.fr\/index.php?rest_route=%2Fwp%2Fv2%2Ftags&post=3168"}],"curies":[{"name":"wp","href":"https:\/\/api.w.org\/{rel}","templated":true}]}}