{"id":3187,"date":"2022-02-13T12:01:58","date_gmt":"2022-02-13T11:01:58","guid":{"rendered":"http:\/\/www.la-tete-de-mule.fr\/?p=3187"},"modified":"2022-02-13T12:11:42","modified_gmt":"2022-02-13T11:11:42","slug":"dans-la-vraie-vie","status":"publish","type":"post","link":"https:\/\/www.la-tete-de-mule.fr\/?p=3187","title":{"rendered":"Dans la vraie vie !"},"content":{"rendered":"<p>Didou parle de tout\u2026mais surtout de vous.  Spectacle prim\u00e9 dans des dizaines de festivals d\u2019humour \u00e0 travers la francophonie !<\/p><p>\u00ab&nbsp;L\u2019humour populaire de Didou, ni grivois, ni communautaire, fait diablement mouche !&nbsp;\u00bb LE PARISIEN<\/p><p>Venez partager avec nous la 34\u00e8me \u00e9dition de \u00ab\u00a0La Fontaine Du Rire\u00a0\u00bb, qui arrive d\u00e9j\u00e0 \u00e0 la moiti\u00e9 et se poursuit chaque week-end jusqu&rsquo;au 16 avril 2022&#8230;  <\/p><figure class=\"wp-block-image size-large\"><a href=\"http:\/\/www.la-tete-de-mule.fr\/wp-content\/uploads\/2022\/02\/E1831CB0-0F1D-4004-BBF6-933DAB7EA7EE.jpeg\"><img loading=\"lazy\" decoding=\"async\" width=\"639\" height=\"1024\" src=\"http:\/\/www.la-tete-de-mule.fr\/wp-content\/uploads\/2022\/02\/E1831CB0-0F1D-4004-BBF6-933DAB7EA7EE-639x1024.jpeg\" alt=\"\" class=\"wp-image-3188\" srcset=\"https:\/\/www.la-tete-de-mule.fr\/wp-content\/uploads\/2022\/02\/E1831CB0-0F1D-4004-BBF6-933DAB7EA7EE-639x1024.jpeg 639w, https:\/\/www.la-tete-de-mule.fr\/wp-content\/uploads\/2022\/02\/E1831CB0-0F1D-4004-BBF6-933DAB7EA7EE-600x962.jpeg 600w, https:\/\/www.la-tete-de-mule.fr\/wp-content\/uploads\/2022\/02\/E1831CB0-0F1D-4004-BBF6-933DAB7EA7EE-187x300.jpeg 187w, https:\/\/www.la-tete-de-mule.fr\/wp-content\/uploads\/2022\/02\/E1831CB0-0F1D-4004-BBF6-933DAB7EA7EE-768x1232.jpeg 768w, https:\/\/www.la-tete-de-mule.fr\/wp-content\/uploads\/2022\/02\/E1831CB0-0F1D-4004-BBF6-933DAB7EA7EE-958x1536.jpeg 958w, https:\/\/www.la-tete-de-mule.fr\/wp-content\/uploads\/2022\/02\/E1831CB0-0F1D-4004-BBF6-933DAB7EA7EE-1277x2048.jpeg 1277w, https:\/\/www.la-tete-de-mule.fr\/wp-content\/uploads\/2022\/02\/E1831CB0-0F1D-4004-BBF6-933DAB7EA7EE-168x270.jpeg 168w, https:\/\/www.la-tete-de-mule.fr\/wp-content\/uploads\/2022\/02\/E1831CB0-0F1D-4004-BBF6-933DAB7EA7EE.jpeg 1471w\" sizes=\"auto, (max-width: 639px) 100vw, 639px\" \/><\/a><\/figure>","protected":false},"excerpt":{"rendered":"<p>Didou parle de tout\u2026mais surtout de vous. Spectacle prim\u00e9 dans des dizaines de festivals d\u2019humour \u00e0 travers la francophonie ! \u00ab&nbsp;L\u2019humour populaire de Didou, ni grivois, ni communautaire, fait diablement mouche !&nbsp;\u00bb LE PARISIEN Venez partager avec nous la 34\u00e8me \u00e9dition de \u00ab\u00a0La Fontaine Du Rire\u00a0\u00bb, qui arrive d\u00e9j\u00e0 \u00e0 la moiti\u00e9 et se poursuit chaque week-end jusqu&rsquo;au 16 avril 2022&#8230;<\/p>\n","protected":false},"author":5,"featured_media":0,"comment_status":"open","ping_status":"open","sticky":false,"template":"","format":"standard","meta":{"footnotes":""},"categories":[1],"tags":[],"class_list":["post-3187","post","type-post","status-publish","format-standard","hentry","category-non-classe"],"_links":{"self":[{"href":"https:\/\/www.la-tete-de-mule.fr\/index.php?rest_route=\/wp\/v2\/posts\/3187","targetHints":{"allow":["GET"]}}],"collection":[{"href":"https:\/\/www.la-tete-de-mule.fr\/index.php?rest_route=\/wp\/v2\/posts"}],"about":[{"href":"https:\/\/www.la-tete-de-mule.fr\/index.php?rest_route=\/wp\/v2\/types\/post"}],"author":[{"embeddable":true,"href":"https:\/\/www.la-tete-de-mule.fr\/index.php?rest_route=\/wp\/v2\/users\/5"}],"replies":[{"embeddable":true,"href":"https:\/\/www.la-tete-de-mule.fr\/index.php?rest_route=%2Fwp%2Fv2%2Fcomments&post=3187"}],"version-history":[{"count":4,"href":"https:\/\/www.la-tete-de-mule.fr\/index.php?rest_route=\/wp\/v2\/posts\/3187\/revisions"}],"predecessor-version":[{"id":3193,"href":"https:\/\/www.la-tete-de-mule.fr\/index.php?rest_route=\/wp\/v2\/posts\/3187\/revisions\/3193"}],"wp:attachment":[{"href":"https:\/\/www.la-tete-de-mule.fr\/index.php?rest_route=%2Fwp%2Fv2%2Fmedia&parent=3187"}],"wp:term":[{"taxonomy":"category","embeddable":true,"href":"https:\/\/www.la-tete-de-mule.fr\/index.php?rest_route=%2Fwp%2Fv2%2Fcategories&post=3187"},{"taxonomy":"post_tag","embeddable":true,"href":"https:\/\/www.la-tete-de-mule.fr\/index.php?rest_route=%2Fwp%2Fv2%2Ftags&post=3187"}],"curies":[{"name":"wp","href":"https:\/\/api.w.org\/{rel}","templated":true}]}}