{"id":3216,"date":"2022-03-12T22:33:57","date_gmt":"2022-03-12T21:33:57","guid":{"rendered":"http:\/\/www.la-tete-de-mule.fr\/?p=3216"},"modified":"2022-03-12T22:33:58","modified_gmt":"2022-03-12T21:33:58","slug":"le-retour","status":"publish","type":"post","link":"https:\/\/www.la-tete-de-mule.fr\/?p=3216","title":{"rendered":"Le retour !!!"},"content":{"rendered":"\n<p>L\u2019immense Thierry Marquet revient dans La Fontaine Du Rire pour votre plus grand plaisir.<\/p>\n\n\n\n<p>Deux pour le prix d\u2019un !!! Il jouera en effet \u00ab\u00a0Carr\u00e9ment m\u00e9chant, jamais content\u00a0\u00bb un soir et \u00ab\u00a0Saignant mais juste \u00e0 point\u00a0\u00bb le lendemain\u2026Le tout agr\u00e9ment\u00e9 de moult surprises<\/p>\n\n\n\n<p>R\u00e9servez donc votre week-end complet ! ????<\/p>\n\n\n\n<figure class=\"wp-block-image size-large\"><a href=\"http:\/\/www.la-tete-de-mule.fr\/wp-content\/uploads\/2022\/03\/1B72F007-EEC3-4A5B-9669-8FB09C4533A5.jpeg\"><img loading=\"lazy\" decoding=\"async\" width=\"577\" height=\"1024\" src=\"http:\/\/www.la-tete-de-mule.fr\/wp-content\/uploads\/2022\/03\/1B72F007-EEC3-4A5B-9669-8FB09C4533A5-577x1024.jpeg\" alt=\"\" class=\"wp-image-3218\" srcset=\"https:\/\/www.la-tete-de-mule.fr\/wp-content\/uploads\/2022\/03\/1B72F007-EEC3-4A5B-9669-8FB09C4533A5-577x1024.jpeg 577w, https:\/\/www.la-tete-de-mule.fr\/wp-content\/uploads\/2022\/03\/1B72F007-EEC3-4A5B-9669-8FB09C4533A5-600x1064.jpeg 600w, https:\/\/www.la-tete-de-mule.fr\/wp-content\/uploads\/2022\/03\/1B72F007-EEC3-4A5B-9669-8FB09C4533A5-169x300.jpeg 169w, https:\/\/www.la-tete-de-mule.fr\/wp-content\/uploads\/2022\/03\/1B72F007-EEC3-4A5B-9669-8FB09C4533A5-768x1362.jpeg 768w, https:\/\/www.la-tete-de-mule.fr\/wp-content\/uploads\/2022\/03\/1B72F007-EEC3-4A5B-9669-8FB09C4533A5-866x1536.jpeg 866w, https:\/\/www.la-tete-de-mule.fr\/wp-content\/uploads\/2022\/03\/1B72F007-EEC3-4A5B-9669-8FB09C4533A5-152x270.jpeg 152w, https:\/\/www.la-tete-de-mule.fr\/wp-content\/uploads\/2022\/03\/1B72F007-EEC3-4A5B-9669-8FB09C4533A5.jpeg 1096w\" sizes=\"auto, (max-width: 577px) 100vw, 577px\" \/><\/a><\/figure>\n","protected":false},"excerpt":{"rendered":"<p>L\u2019immense Thierry Marquet revient dans La Fontaine Du Rire pour votre plus grand plaisir. Deux pour le prix d\u2019un !!! Il jouera en effet \u00ab\u00a0Carr\u00e9ment m\u00e9chant, jamais content\u00a0\u00bb un soir et \u00ab\u00a0Saignant mais juste \u00e0 point\u00a0\u00bb le lendemain\u2026Le tout agr\u00e9ment\u00e9 de moult surprises R\u00e9servez donc votre week-end complet ! ????<\/p>\n","protected":false},"author":5,"featured_media":0,"comment_status":"open","ping_status":"open","sticky":false,"template":"","format":"standard","meta":{"footnotes":""},"categories":[1],"tags":[],"class_list":["post-3216","post","type-post","status-publish","format-standard","hentry","category-non-classe"],"_links":{"self":[{"href":"https:\/\/www.la-tete-de-mule.fr\/index.php?rest_route=\/wp\/v2\/posts\/3216","targetHints":{"allow":["GET"]}}],"collection":[{"href":"https:\/\/www.la-tete-de-mule.fr\/index.php?rest_route=\/wp\/v2\/posts"}],"about":[{"href":"https:\/\/www.la-tete-de-mule.fr\/index.php?rest_route=\/wp\/v2\/types\/post"}],"author":[{"embeddable":true,"href":"https:\/\/www.la-tete-de-mule.fr\/index.php?rest_route=\/wp\/v2\/users\/5"}],"replies":[{"embeddable":true,"href":"https:\/\/www.la-tete-de-mule.fr\/index.php?rest_route=%2Fwp%2Fv2%2Fcomments&post=3216"}],"version-history":[{"count":2,"href":"https:\/\/www.la-tete-de-mule.fr\/index.php?rest_route=\/wp\/v2\/posts\/3216\/revisions"}],"predecessor-version":[{"id":3219,"href":"https:\/\/www.la-tete-de-mule.fr\/index.php?rest_route=\/wp\/v2\/posts\/3216\/revisions\/3219"}],"wp:attachment":[{"href":"https:\/\/www.la-tete-de-mule.fr\/index.php?rest_route=%2Fwp%2Fv2%2Fmedia&parent=3216"}],"wp:term":[{"taxonomy":"category","embeddable":true,"href":"https:\/\/www.la-tete-de-mule.fr\/index.php?rest_route=%2Fwp%2Fv2%2Fcategories&post=3216"},{"taxonomy":"post_tag","embeddable":true,"href":"https:\/\/www.la-tete-de-mule.fr\/index.php?rest_route=%2Fwp%2Fv2%2Ftags&post=3216"}],"curies":[{"name":"wp","href":"https:\/\/api.w.org\/{rel}","templated":true}]}}